{"id":1092,"date":"2013-11-16T21:43:05","date_gmt":"2013-11-16T21:43:05","guid":{"rendered":"http:\/\/alvarovelho.net\/cefjard\/?p=1092"},"modified":"2014-02-13T00:17:33","modified_gmt":"2014-02-13T00:17:33","slug":"dia-mundial-da-bolota-2013","status":"publish","type":"post","link":"http:\/\/alvarovelho.net\/cefjard\/?p=1092","title":{"rendered":"Dia Mundial da Bolota 2013"},"content":{"rendered":"<p>Este ano o dia Mundial da Bolota foi comemorado com a planta\u00e7\u00e3o de Sobreiros, Carrascos e Carvalhos&#8230;.<\/p>\n<p>Os convidados foram o 3\u00baA e 3\u00aaB da b\u00e1sica n\u00ba1 do Agrupamento de escolas de \u00c1lvaro Velho&#8230;Os alunos do clube<\/p>\n<p>deram ao seus coleguinhas todas as explica\u00e7\u00f5es e\u00a0 a ajuda\u00a0 necess\u00e1ria para que cada um\u00a0plantasse \u00a0a sua \u00e1rvore&#8230;<\/p>\n<p><a href=\"http:\/\/alvarovelho.net\/cefjard\/wp-content\/uploads\/2014\/02\/IMG_4062.jpg\"><img loading=\"lazy\" decoding=\"async\" class=\"alignnone size-medium wp-image-1093\" alt=\"IMG_4062\" src=\"http:\/\/alvarovelho.net\/cefjard\/wp-content\/uploads\/2014\/02\/IMG_4062-300x168.jpg\" width=\"300\" height=\"168\" srcset=\"http:\/\/alvarovelho.net\/cefjard\/wp-content\/uploads\/2014\/02\/IMG_4062-300x168.jpg 300w, http:\/\/alvarovelho.net\/cefjard\/wp-content\/uploads\/2014\/02\/IMG_4062-1024x575.jpg 1024w, http:\/\/alvarovelho.net\/cefjard\/wp-content\/uploads\/2014\/02\/IMG_4062-150x84.jpg 150w, http:\/\/alvarovelho.net\/cefjard\/wp-content\/uploads\/2014\/02\/IMG_4062-400x224.jpg 400w\" sizes=\"auto, (max-width: 300px) 100vw, 300px\" \/><\/a><\/p>\n<p><a href=\"http:\/\/alvarovelho.net\/cefjard\/wp-content\/uploads\/2014\/02\/IMG_3979.jpg\"><img loading=\"lazy\" decoding=\"async\" class=\"alignnone size-medium wp-image-1094\" alt=\"IMG_3979\" src=\"http:\/\/alvarovelho.net\/cefjard\/wp-content\/uploads\/2014\/02\/IMG_3979-300x168.jpg\" width=\"300\" height=\"168\" srcset=\"http:\/\/alvarovelho.net\/cefjard\/wp-content\/uploads\/2014\/02\/IMG_3979-300x168.jpg 300w, http:\/\/alvarovelho.net\/cefjard\/wp-content\/uploads\/2014\/02\/IMG_3979-1024x575.jpg 1024w, http:\/\/alvarovelho.net\/cefjard\/wp-content\/uploads\/2014\/02\/IMG_3979-150x84.jpg 150w, http:\/\/alvarovelho.net\/cefjard\/wp-content\/uploads\/2014\/02\/IMG_3979-400x224.jpg 400w\" sizes=\"auto, (max-width: 300px) 100vw, 300px\" \/><\/a><\/p>\n<p><a href=\"http:\/\/alvarovelho.net\/cefjard\/wp-content\/uploads\/2014\/02\/IMG_4057.jpg\"><img loading=\"lazy\" decoding=\"async\" class=\"alignnone size-medium wp-image-1095\" alt=\"IMG_4057\" src=\"http:\/\/alvarovelho.net\/cefjard\/wp-content\/uploads\/2014\/02\/IMG_4057-300x168.jpg\" width=\"300\" height=\"168\" srcset=\"http:\/\/alvarovelho.net\/cefjard\/wp-content\/uploads\/2014\/02\/IMG_4057-300x168.jpg 300w, http:\/\/alvarovelho.net\/cefjard\/wp-content\/uploads\/2014\/02\/IMG_4057-1024x575.jpg 1024w, http:\/\/alvarovelho.net\/cefjard\/wp-content\/uploads\/2014\/02\/IMG_4057-150x84.jpg 150w, http:\/\/alvarovelho.net\/cefjard\/wp-content\/uploads\/2014\/02\/IMG_4057-400x224.jpg 400w\" sizes=\"auto, (max-width: 300px) 100vw, 300px\" \/><\/a><\/p>\n<p>Antes de procederem \u00e0 planta\u00e7\u00e3o os alunos viram um pequeno filme sobre a Floresta e tiveram uma explica\u00e7\u00e3o te\u00f3rica sobre o procedimento de sementeira.<\/p>\n<p><a href=\"http:\/\/alvarovelho.net\/cefjard\/wp-content\/uploads\/2014\/02\/IMG_3963.jpg\"><img loading=\"lazy\" decoding=\"async\" class=\"alignnone size-medium wp-image-1096\" alt=\"IMG_3963\" src=\"http:\/\/alvarovelho.net\/cefjard\/wp-content\/uploads\/2014\/02\/IMG_3963-300x168.jpg\" width=\"300\" height=\"168\" srcset=\"http:\/\/alvarovelho.net\/cefjard\/wp-content\/uploads\/2014\/02\/IMG_3963-300x168.jpg 300w, http:\/\/alvarovelho.net\/cefjard\/wp-content\/uploads\/2014\/02\/IMG_3963-1024x575.jpg 1024w, http:\/\/alvarovelho.net\/cefjard\/wp-content\/uploads\/2014\/02\/IMG_3963-150x84.jpg 150w, http:\/\/alvarovelho.net\/cefjard\/wp-content\/uploads\/2014\/02\/IMG_3963-400x224.jpg 400w\" sizes=\"auto, (max-width: 300px) 100vw, 300px\" \/><\/a><\/p>\n<p><a href=\"http:\/\/alvarovelho.net\/cefjard\/wp-content\/uploads\/2014\/02\/IMG_3996.jpg\"><img loading=\"lazy\" decoding=\"async\" class=\"alignnone size-medium wp-image-1097\" alt=\"IMG_3996\" src=\"http:\/\/alvarovelho.net\/cefjard\/wp-content\/uploads\/2014\/02\/IMG_3996-300x168.jpg\" width=\"300\" height=\"168\" srcset=\"http:\/\/alvarovelho.net\/cefjard\/wp-content\/uploads\/2014\/02\/IMG_3996-300x168.jpg 300w, http:\/\/alvarovelho.net\/cefjard\/wp-content\/uploads\/2014\/02\/IMG_3996-1024x575.jpg 1024w, http:\/\/alvarovelho.net\/cefjard\/wp-content\/uploads\/2014\/02\/IMG_3996-150x84.jpg 150w, http:\/\/alvarovelho.net\/cefjard\/wp-content\/uploads\/2014\/02\/IMG_3996-400x224.jpg 400w\" sizes=\"auto, (max-width: 300px) 100vw, 300px\" \/><\/a><\/p>\n","protected":false},"excerpt":{"rendered":"<p>Este ano o dia Mundial da Bolota foi comemorado com a planta\u00e7\u00e3o de Sobreiros, Carrascos e Carvalhos&#8230;. Os convidados foram o 3\u00baA e 3\u00aaB da b\u00e1sica n\u00ba1 do Agrupamento de escolas de \u00c1lvaro Velho&#8230;Os alunos do clube deram ao seus &hellip; <a href=\"http:\/\/alvarovelho.net\/cefjard\/?p=1092\">Continuar a ler <span class=\"meta-nav\">&rarr;<\/span><\/a><\/p>\n","protected":false},"author":2,"featured_media":0,"comment_status":"open","ping_status":"open","sticky":false,"template":"","format":"standard","meta":{"footnotes":""},"categories":[41],"tags":[],"class_list":["post-1092","post","type-post","status-publish","format-standard","hentry","category-clube-20132014"],"_links":{"self":[{"href":"http:\/\/alvarovelho.net\/cefjard\/index.php?rest_route=\/wp\/v2\/posts\/1092","targetHints":{"allow":["GET"]}}],"collection":[{"href":"http:\/\/alvarovelho.net\/cefjard\/index.php?rest_route=\/wp\/v2\/posts"}],"about":[{"href":"http:\/\/alvarovelho.net\/cefjard\/index.php?rest_route=\/wp\/v2\/types\/post"}],"author":[{"embeddable":true,"href":"http:\/\/alvarovelho.net\/cefjard\/index.php?rest_route=\/wp\/v2\/users\/2"}],"replies":[{"embeddable":true,"href":"http:\/\/alvarovelho.net\/cefjard\/index.php?rest_route=%2Fwp%2Fv2%2Fcomments&post=1092"}],"version-history":[{"count":2,"href":"http:\/\/alvarovelho.net\/cefjard\/index.php?rest_route=\/wp\/v2\/posts\/1092\/revisions"}],"predecessor-version":[{"id":1113,"href":"http:\/\/alvarovelho.net\/cefjard\/index.php?rest_route=\/wp\/v2\/posts\/1092\/revisions\/1113"}],"wp:attachment":[{"href":"http:\/\/alvarovelho.net\/cefjard\/index.php?rest_route=%2Fwp%2Fv2%2Fmedia&parent=1092"}],"wp:term":[{"taxonomy":"category","embeddable":true,"href":"http:\/\/alvarovelho.net\/cefjard\/index.php?rest_route=%2Fwp%2Fv2%2Fcategories&post=1092"},{"taxonomy":"post_tag","embeddable":true,"href":"http:\/\/alvarovelho.net\/cefjard\/index.php?rest_route=%2Fwp%2Fv2%2Ftags&post=1092"}],"curies":[{"name":"wp","href":"https:\/\/api.w.org\/{rel}","templated":true}]}}