{"id":477,"date":"2021-04-28T11:29:06","date_gmt":"2021-04-28T11:29:06","guid":{"rendered":"https:\/\/alvarovelho.net\/beaeav\/?p=477"},"modified":"2021-04-30T14:33:34","modified_gmt":"2021-04-30T14:33:34","slug":"fernao-de-magalhaes-morreu-ha-500-anos","status":"publish","type":"post","link":"https:\/\/alvarovelho.net\/beaeav\/2021\/04\/28\/fernao-de-magalhaes-morreu-ha-500-anos\/","title":{"rendered":"Fern\u00e3o de Magalh\u00e3es morreu h\u00e1 500 anos"},"content":{"rendered":"\n<div class=\"wp-block-image\"><figure class=\"aligncenter size-large is-resized\"><img loading=\"lazy\" decoding=\"async\" src=\"https:\/\/alvarovelho.net\/beaeav\/wp-content\/uploads\/2021\/04\/transferir.jpg\" alt=\"\" class=\"wp-image-478\" width=\"428\" height=\"240\" srcset=\"https:\/\/alvarovelho.net\/beaeav\/wp-content\/uploads\/2021\/04\/transferir.jpg 212w, https:\/\/alvarovelho.net\/beaeav\/wp-content\/uploads\/2021\/04\/transferir-200x112.jpg 200w\" sizes=\"auto, (max-width: 428px) 100vw, 428px\" \/><\/figure><\/div>\n\n\n\n<p>A 27 de abril de 1521<\/p>\n\n\n\n<blockquote class=\"wp-block-quote is-layout-flow wp-block-quote-is-layout-flow\"><p>\u00c9 um dos nomes incontorn\u00e1veis da hist\u00f3ria de Portugal e do mundo. Fern\u00e3o de Magalh\u00e3es morreu h\u00e1 precisamente 500 anos. A data \u00e9 hoje assinalada com v\u00e1rias iniciativas, para recordar o grande feito do navegador portugu\u00eas, que realizou a primeira viagem de Circum-Navega\u00e7\u00e3o. Foi Fern\u00e3o de Magalh\u00e3es quem liderou a expedi\u00e7\u00e3o mar\u00edtima que deu a volta ao mundo, atravessando o Oceano Pac\u00edfico.<\/p><\/blockquote>\n\n\n\n<p> Uma proeza que continua a ter impacto nos dias de hoje. Para saber mais , consultar:<\/p>\n\n\n\n<p><a href=\"https:\/\/magalhaes500.pt\/missao\/\">https:\/\/magalhaes500.pt\/missao\/<\/a><\/p>\n\n\n\n<p><a href=\"https:\/\/www.rtp.pt\/noticias\/mundo\/fernao-de-magalhaes-morreu-ha-500-anos_a1315417\">https:\/\/www.rtp.pt\/noticias\/mundo\/fernao-de-magalhaes-morreu-ha-500-anos_a1315417<\/a><\/p>\n","protected":false},"excerpt":{"rendered":"<p>A 27 de abril de 1521 \u00c9 um dos nomes incontorn\u00e1veis da hist\u00f3ria de Portugal e do mundo. Fern\u00e3o de Magalh\u00e3es morreu h\u00e1 precisamente 500 anos. A data \u00e9 hoje assinalada com v\u00e1rias iniciativas, para recordar o grande feito do navegador portugu\u00eas, que realizou a primeira viagem de Circum-Navega\u00e7\u00e3o. Foi<\/p>\n","protected":false},"author":1,"featured_media":478,"comment_status":"open","ping_status":"open","sticky":false,"template":"","format":"standard","meta":{"footnotes":""},"categories":[29],"tags":[30,32,35,31],"class_list":["post-477","post","type-post","status-publish","format-standard","has-post-thumbnail","hentry","category-historia-de-portugal","tag-circum-navegacao","tag-descobrimentos","tag-fernao-magalhaes","tag-oceano-pacifico",""],"_links":{"self":[{"href":"https:\/\/alvarovelho.net\/beaeav\/wp-json\/wp\/v2\/posts\/477","targetHints":{"allow":["GET"]}}],"collection":[{"href":"https:\/\/alvarovelho.net\/beaeav\/wp-json\/wp\/v2\/posts"}],"about":[{"href":"https:\/\/alvarovelho.net\/beaeav\/wp-json\/wp\/v2\/types\/post"}],"author":[{"embeddable":true,"href":"https:\/\/alvarovelho.net\/beaeav\/wp-json\/wp\/v2\/users\/1"}],"replies":[{"embeddable":true,"href":"https:\/\/alvarovelho.net\/beaeav\/wp-json\/wp\/v2\/comments?post=477"}],"version-history":[{"count":4,"href":"https:\/\/alvarovelho.net\/beaeav\/wp-json\/wp\/v2\/posts\/477\/revisions"}],"predecessor-version":[{"id":485,"href":"https:\/\/alvarovelho.net\/beaeav\/wp-json\/wp\/v2\/posts\/477\/revisions\/485"}],"wp:featuredmedia":[{"embeddable":true,"href":"https:\/\/alvarovelho.net\/beaeav\/wp-json\/wp\/v2\/media\/478"}],"wp:attachment":[{"href":"https:\/\/alvarovelho.net\/beaeav\/wp-json\/wp\/v2\/media?parent=477"}],"wp:term":[{"taxonomy":"category","embeddable":true,"href":"https:\/\/alvarovelho.net\/beaeav\/wp-json\/wp\/v2\/categories?post=477"},{"taxonomy":"post_tag","embeddable":true,"href":"https:\/\/alvarovelho.net\/beaeav\/wp-json\/wp\/v2\/tags?post=477"}],"curies":[{"name":"wp","href":"https:\/\/api.w.org\/{rel}","templated":true}]}}